{"id":1754,"date":"2025-09-30T10:23:39","date_gmt":"2025-09-30T15:23:39","guid":{"rendered":"https:\/\/crecehaircenter.com\/web\/?p=1754"},"modified":"2025-09-30T10:23:39","modified_gmt":"2025-09-30T15:23:39","slug":"senales-de-alerta-en-tu-cuero-cabelludo-que-no-debes-ignorar-2","status":"publish","type":"post","link":"https:\/\/crecehaircenter.com\/web\/senales-de-alerta-en-tu-cuero-cabelludo-que-no-debes-ignorar-2\/","title":{"rendered":"Se\u00f1ales de alerta en tu cuero cabelludo que no debes ignorar"},"content":{"rendered":"<section style=\"max-width: 800px; margin: 0 auto; padding: 20px; font-family: Arial, sans-serif; color: #333;\">\n    \n    \n    <p style=\"line-height: 1.6; margin-bottom: 25px; text-align: justify;\">El cuero cabelludo es el terreno donde nace tu cabello, y cuando algo no anda bien, suele enviar se\u00f1ales antes de que la ca\u00edda sea evidente. Muchas personas pasan por alto estos s\u00edntomas, pero identificarlos a tiempo puede marcar la diferencia entre mantener una melena sana o enfrentar problemas capilares m\u00e1s complejos.<\/p>\n    \n    <div style=\"margin-bottom: 20px;\">\n        <h3 style=\"color: #3d85c6; font-size: 20px; margin-bottom: 8px;\">Picaz\u00f3n frecuente<\/h3>\n        <p style=\"line-height: 1.6; margin: 0;\">La picaz\u00f3n constante no siempre se debe a resequedad. Puede ser se\u00f1al de inflamaci\u00f3n, exceso de grasa, caspa o incluso alergias a productos capilares. Si la molestia persiste, es necesario revisarlo.<\/p>\n    <\/div>\n    \n    <div style=\"margin-bottom: 20px;\">\n        <h3 style=\"color: #3d85c6; font-size: 20px; margin-bottom: 8px;\">Caspa excesiva<\/h3>\n        <p style=\"line-height: 1.6; margin: 0;\">Un poco de descamaci\u00f3n puede ser normal, pero si notas escamas abundantes, acompa\u00f1adas de enrojecimiento o grasa, puede tratarse de dermatitis seborreica u otro desequilibrio del cuero cabelludo.<\/p>\n    <\/div>\n    \n    <div style=\"margin-bottom: 20px;\">\n        <h3 style=\"color: #3d85c6; font-size: 20px; margin-bottom: 8px;\">Dolor o sensibilidad<\/h3>\n        <p style=\"line-height: 1.6; margin: 0;\">Ese \u00abdolor capilar\u00bb que sientes al tocar tu cuero cabelludo es una alerta de inflamaci\u00f3n folicular. Tambi\u00e9n puede ser consecuencia de estr\u00e9s, tensiones musculares o tracci\u00f3n por peinados muy ajustados.<\/p>\n    <\/div>\n    \n    <div style=\"margin-bottom: 20px;\">\n        <h3 style=\"color: #3d85c6; font-size: 20px; margin-bottom: 8px;\">Enrojecimiento o lesiones<\/h3>\n        <p style=\"line-height: 1.6; margin: 0;\">Placas rojas, irritaciones o costras en el cuero cabelludo no deben ignorarse. Podr\u00edan indicar psoriasis, eccema u otras condiciones que necesitan diagn\u00f3stico profesional.<\/p>\n    <\/div>\n    \n    <div style=\"margin-bottom: 20px;\">\n        <h3 style=\"color: #3d85c6; font-size: 20px; margin-bottom: 8px;\">Cabello m\u00e1s d\u00e9bil o fino<\/h3>\n        <p style=\"line-height: 1.6; margin: 0;\">Aunque no notes ca\u00edda abundante, si tu cabello pierde grosor, fuerza o se quiebra f\u00e1cilmente, puede estar iniciando un proceso de debilitamiento folicular.<\/p>\n    <\/div>\n    \n    <div style=\"background-color: #f8f9fa; padding: 20px; border-radius: 8px; margin-top: 30px; text-align: center;\">\n        <h2 style=\"color: #3d85c6; font-size: 22px; margin-bottom: 15px;\">\u00bfTienes alguna de estas se\u00f1ales?<\/h2>\n        <p style=\"line-height: 1.6; margin-bottom: 15px;\">No esperes a que el problema avance. <strong><a href=\"https:\/\/crecehaircenter.com\/web\/contacto\/\" target=\"_blank\" style=\"color: #3d85c6; text-decoration: none;\">Agenda tu valoraci\u00f3n en Crece Hair Center<\/a><\/strong> y recibe un diagn\u00f3stico especializado para tu cuero cabelludo.<\/p>\n    <\/div>\n<\/section>","protected":false},"excerpt":{"rendered":"<p>El cuero cabelludo es el terreno donde nace tu cabello, y cuando algo no anda bien, suele enviar se\u00f1ales antes de que la ca\u00edda sea evidente. Muchas personas pasan por alto estos s\u00edntomas, pero identificarlos a tiempo puede marcar la diferencia entre mantener una melena sana o enfrentar problemas capilares m\u00e1s complejos. Picaz\u00f3n frecuente La [&hellip;]<\/p>\n","protected":false},"author":1,"featured_media":1745,"comment_status":"closed","ping_status":"open","sticky":true,"template":"","format":"standard","meta":{"_joinchat":[],"footnotes":""},"categories":[1],"tags":[],"class_list":["post-1754","post","type-post","status-publish","format-standard","has-post-thumbnail","hentry","category-sin-categoria"],"acf":[],"_links":{"self":[{"href":"https:\/\/crecehaircenter.com\/web\/wp-json\/wp\/v2\/posts\/1754","targetHints":{"allow":["GET"]}}],"collection":[{"href":"https:\/\/crecehaircenter.com\/web\/wp-json\/wp\/v2\/posts"}],"about":[{"href":"https:\/\/crecehaircenter.com\/web\/wp-json\/wp\/v2\/types\/post"}],"author":[{"embeddable":true,"href":"https:\/\/crecehaircenter.com\/web\/wp-json\/wp\/v2\/users\/1"}],"replies":[{"embeddable":true,"href":"https:\/\/crecehaircenter.com\/web\/wp-json\/wp\/v2\/comments?post=1754"}],"version-history":[{"count":1,"href":"https:\/\/crecehaircenter.com\/web\/wp-json\/wp\/v2\/posts\/1754\/revisions"}],"predecessor-version":[{"id":1755,"href":"https:\/\/crecehaircenter.com\/web\/wp-json\/wp\/v2\/posts\/1754\/revisions\/1755"}],"wp:featuredmedia":[{"embeddable":true,"href":"https:\/\/crecehaircenter.com\/web\/wp-json\/wp\/v2\/media\/1745"}],"wp:attachment":[{"href":"https:\/\/crecehaircenter.com\/web\/wp-json\/wp\/v2\/media?parent=1754"}],"wp:term":[{"taxonomy":"category","embeddable":true,"href":"https:\/\/crecehaircenter.com\/web\/wp-json\/wp\/v2\/categories?post=1754"},{"taxonomy":"post_tag","embeddable":true,"href":"https:\/\/crecehaircenter.com\/web\/wp-json\/wp\/v2\/tags?post=1754"}],"curies":[{"name":"wp","href":"https:\/\/api.w.org\/{rel}","templated":true}]}}